{"id":6978,"date":"2016-01-22T10:50:43","date_gmt":"2016-01-22T09:50:43","guid":{"rendered":"https:\/\/www.gruene-hessen.de\/partei\/?p=6978"},"modified":"2016-05-27T09:33:14","modified_gmt":"2016-05-27T07:33:14","slug":"lag-soziales-und-gesundheit","status":"publish","type":"post","link":"https:\/\/www.gruene-hessen.de\/partei\/2016\/01\/22\/lag-soziales-und-gesundheit\/","title":{"rendered":"LAG Soziales und Gesundheit"},"content":{"rendered":"<p>Samstag, den 30.01.15, um 10.30 Uhr<br \/>\nRaum 337 im R\u00f6mer, Bethmannstra\u00dfe 3, Frankfurt<\/p>\n","protected":false},"excerpt":{"rendered":"<p>Samstag, den 30.01.15, um 10.30 Uhr Raum 337 im R\u00f6mer, Bethmannstra\u00dfe 3, Frankfurt<\/p>\n","protected":false},"author":3,"featured_media":0,"comment_status":"open","ping_status":"open","sticky":false,"template":"","format":"standard","meta":{"_acf_changed":false,"ngg_post_thumbnail":0,"footnotes":""},"categories":[1],"tags":[],"class_list":["post-6978","post","type-post","status-publish","format-standard","hentry","category-uncategorized"],"acf":[],"yoast_head":"<!-- This site is optimized with the Yoast SEO plugin v27.5 - https:\/\/yoast.com\/product\/yoast-seo-wordpress\/ -->\n<title>LAG Soziales und Gesundheit - Landesverband B\u00dcNDNIS 90\/DIE GR\u00dcNEN Hessen<\/title>\n<meta name=\"robots\" content=\"index, follow, max-snippet:-1, max-image-preview:large, max-video-preview:-1\" \/>\n<link rel=\"canonical\" href=\"https:\/\/www.gruene-hessen.de\/partei\/2016\/01\/22\/lag-soziales-und-gesundheit\/\" \/>\n<meta property=\"og:locale\" content=\"de_DE\" \/>\n<meta property=\"og:type\" content=\"article\" \/>\n<meta property=\"og:title\" content=\"LAG Soziales und Gesundheit - Landesverband B\u00dcNDNIS 90\/DIE GR\u00dcNEN Hessen\" \/>\n<meta property=\"og:description\" content=\"Samstag, den 30.01.15, um 10.30 Uhr Raum 337 im R\u00f6mer, Bethmannstra\u00dfe 3, Frankfurt\" \/>\n<meta property=\"og:url\" content=\"https:\/\/www.gruene-hessen.de\/partei\/2016\/01\/22\/lag-soziales-und-gesundheit\/\" \/>\n<meta property=\"og:site_name\" content=\"Landesverband B\u00dcNDNIS 90\/DIE GR\u00dcNEN Hessen\" \/>\n<meta property=\"article:published_time\" content=\"2016-01-22T09:50:43+00:00\" \/>\n<meta property=\"article:modified_time\" content=\"2016-05-27T07:33:14+00:00\" \/>\n<meta name=\"author\" content=\"Till Haupt\" \/>\n<meta name=\"twitter:card\" content=\"summary_large_image\" \/>\n<meta name=\"twitter:label1\" content=\"Verfasst von\" \/>\n\t<meta name=\"twitter:data1\" content=\"Till Haupt\" \/>\n<script type=\"application\/ld+json\" class=\"yoast-schema-graph\">{\"@context\":\"https:\\\/\\\/schema.org\",\"@graph\":[{\"@type\":\"Article\",\"@id\":\"https:\\\/\\\/www.gruene-hessen.de\\\/partei\\\/2016\\\/01\\\/22\\\/lag-soziales-und-gesundheit\\\/#article\",\"isPartOf\":{\"@id\":\"https:\\\/\\\/www.gruene-hessen.de\\\/partei\\\/2016\\\/01\\\/22\\\/lag-soziales-und-gesundheit\\\/\"},\"author\":{\"name\":\"Till Haupt\",\"@id\":\"https:\\\/\\\/www.gruene-hessen.de\\\/partei\\\/#\\\/schema\\\/person\\\/6bdf8354621420fe861c1762612513de\"},\"headline\":\"LAG Soziales und Gesundheit\",\"datePublished\":\"2016-01-22T09:50:43+00:00\",\"dateModified\":\"2016-05-27T07:33:14+00:00\",\"mainEntityOfPage\":{\"@id\":\"https:\\\/\\\/www.gruene-hessen.de\\\/partei\\\/2016\\\/01\\\/22\\\/lag-soziales-und-gesundheit\\\/\"},\"wordCount\":15,\"commentCount\":0,\"articleSection\":[\"Uncategorized\"],\"inLanguage\":\"de\",\"potentialAction\":[{\"@type\":\"CommentAction\",\"name\":\"Comment\",\"target\":[\"https:\\\/\\\/www.gruene-hessen.de\\\/partei\\\/2016\\\/01\\\/22\\\/lag-soziales-und-gesundheit\\\/#respond\"]}]},{\"@type\":\"WebPage\",\"@id\":\"https:\\\/\\\/www.gruene-hessen.de\\\/partei\\\/2016\\\/01\\\/22\\\/lag-soziales-und-gesundheit\\\/\",\"url\":\"https:\\\/\\\/www.gruene-hessen.de\\\/partei\\\/2016\\\/01\\\/22\\\/lag-soziales-und-gesundheit\\\/\",\"name\":\"LAG Soziales und Gesundheit - Landesverband B\u00dcNDNIS 90\\\/DIE GR\u00dcNEN Hessen\",\"isPartOf\":{\"@id\":\"https:\\\/\\\/www.gruene-hessen.de\\\/partei\\\/#website\"},\"datePublished\":\"2016-01-22T09:50:43+00:00\",\"dateModified\":\"2016-05-27T07:33:14+00:00\",\"author\":{\"@id\":\"https:\\\/\\\/www.gruene-hessen.de\\\/partei\\\/#\\\/schema\\\/person\\\/6bdf8354621420fe861c1762612513de\"},\"breadcrumb\":{\"@id\":\"https:\\\/\\\/www.gruene-hessen.de\\\/partei\\\/2016\\\/01\\\/22\\\/lag-soziales-und-gesundheit\\\/#breadcrumb\"},\"inLanguage\":\"de\",\"potentialAction\":[{\"@type\":\"ReadAction\",\"target\":[\"https:\\\/\\\/www.gruene-hessen.de\\\/partei\\\/2016\\\/01\\\/22\\\/lag-soziales-und-gesundheit\\\/\"]}]},{\"@type\":\"BreadcrumbList\",\"@id\":\"https:\\\/\\\/www.gruene-hessen.de\\\/partei\\\/2016\\\/01\\\/22\\\/lag-soziales-und-gesundheit\\\/#breadcrumb\",\"itemListElement\":[{\"@type\":\"ListItem\",\"position\":1,\"name\":\"Startseite\",\"item\":\"https:\\\/\\\/www.gruene-hessen.de\\\/partei\\\/\"},{\"@type\":\"ListItem\",\"position\":2,\"name\":\"LAG Soziales und Gesundheit\"}]},{\"@type\":\"WebSite\",\"@id\":\"https:\\\/\\\/www.gruene-hessen.de\\\/partei\\\/#website\",\"url\":\"https:\\\/\\\/www.gruene-hessen.de\\\/partei\\\/\",\"name\":\"Landesverband B\u00dcNDNIS 90\\\/DIE GR\u00dcNEN Hessen\",\"description\":\"\",\"potentialAction\":[{\"@type\":\"SearchAction\",\"target\":{\"@type\":\"EntryPoint\",\"urlTemplate\":\"https:\\\/\\\/www.gruene-hessen.de\\\/partei\\\/?s={search_term_string}\"},\"query-input\":{\"@type\":\"PropertyValueSpecification\",\"valueRequired\":true,\"valueName\":\"search_term_string\"}}],\"inLanguage\":\"de\"},{\"@type\":\"Person\",\"@id\":\"https:\\\/\\\/www.gruene-hessen.de\\\/partei\\\/#\\\/schema\\\/person\\\/6bdf8354621420fe861c1762612513de\",\"name\":\"Till Haupt\",\"image\":{\"@type\":\"ImageObject\",\"inLanguage\":\"de\",\"@id\":\"https:\\\/\\\/secure.gravatar.com\\\/avatar\\\/56e4c8bd2555cec1b23877dadbd0bab2837f2d1313fdeb580acb55170f6714e0?s=96&d=mm&r=g\",\"url\":\"https:\\\/\\\/secure.gravatar.com\\\/avatar\\\/56e4c8bd2555cec1b23877dadbd0bab2837f2d1313fdeb580acb55170f6714e0?s=96&d=mm&r=g\",\"contentUrl\":\"https:\\\/\\\/secure.gravatar.com\\\/avatar\\\/56e4c8bd2555cec1b23877dadbd0bab2837f2d1313fdeb580acb55170f6714e0?s=96&d=mm&r=g\",\"caption\":\"Till Haupt\"},\"description\":\"Referent f\u00fcr \u00d6ffentlichkeitsarbeit und Online-Redaktion bei der Landtagsfraktion\",\"url\":\"https:\\\/\\\/www.gruene-hessen.de\\\/partei\\\/author\\\/t-haupt\\\/\"}]}<\/script>\n<!-- \/ Yoast SEO plugin. -->","yoast_head_json":{"title":"LAG Soziales und Gesundheit - Landesverband B\u00dcNDNIS 90\/DIE GR\u00dcNEN Hessen","robots":{"index":"index","follow":"follow","max-snippet":"max-snippet:-1","max-image-preview":"max-image-preview:large","max-video-preview":"max-video-preview:-1"},"canonical":"https:\/\/www.gruene-hessen.de\/partei\/2016\/01\/22\/lag-soziales-und-gesundheit\/","og_locale":"de_DE","og_type":"article","og_title":"LAG Soziales und Gesundheit - Landesverband B\u00dcNDNIS 90\/DIE GR\u00dcNEN Hessen","og_description":"Samstag, den 30.01.15, um 10.30 Uhr Raum 337 im R\u00f6mer, Bethmannstra\u00dfe 3, Frankfurt","og_url":"https:\/\/www.gruene-hessen.de\/partei\/2016\/01\/22\/lag-soziales-und-gesundheit\/","og_site_name":"Landesverband B\u00dcNDNIS 90\/DIE GR\u00dcNEN Hessen","article_published_time":"2016-01-22T09:50:43+00:00","article_modified_time":"2016-05-27T07:33:14+00:00","author":"Till Haupt","twitter_card":"summary_large_image","twitter_misc":{"Verfasst von":"Till Haupt"},"schema":{"@context":"https:\/\/schema.org","@graph":[{"@type":"Article","@id":"https:\/\/www.gruene-hessen.de\/partei\/2016\/01\/22\/lag-soziales-und-gesundheit\/#article","isPartOf":{"@id":"https:\/\/www.gruene-hessen.de\/partei\/2016\/01\/22\/lag-soziales-und-gesundheit\/"},"author":{"name":"Till Haupt","@id":"https:\/\/www.gruene-hessen.de\/partei\/#\/schema\/person\/6bdf8354621420fe861c1762612513de"},"headline":"LAG Soziales und Gesundheit","datePublished":"2016-01-22T09:50:43+00:00","dateModified":"2016-05-27T07:33:14+00:00","mainEntityOfPage":{"@id":"https:\/\/www.gruene-hessen.de\/partei\/2016\/01\/22\/lag-soziales-und-gesundheit\/"},"wordCount":15,"commentCount":0,"articleSection":["Uncategorized"],"inLanguage":"de","potentialAction":[{"@type":"CommentAction","name":"Comment","target":["https:\/\/www.gruene-hessen.de\/partei\/2016\/01\/22\/lag-soziales-und-gesundheit\/#respond"]}]},{"@type":"WebPage","@id":"https:\/\/www.gruene-hessen.de\/partei\/2016\/01\/22\/lag-soziales-und-gesundheit\/","url":"https:\/\/www.gruene-hessen.de\/partei\/2016\/01\/22\/lag-soziales-und-gesundheit\/","name":"LAG Soziales und Gesundheit - Landesverband B\u00dcNDNIS 90\/DIE GR\u00dcNEN Hessen","isPartOf":{"@id":"https:\/\/www.gruene-hessen.de\/partei\/#website"},"datePublished":"2016-01-22T09:50:43+00:00","dateModified":"2016-05-27T07:33:14+00:00","author":{"@id":"https:\/\/www.gruene-hessen.de\/partei\/#\/schema\/person\/6bdf8354621420fe861c1762612513de"},"breadcrumb":{"@id":"https:\/\/www.gruene-hessen.de\/partei\/2016\/01\/22\/lag-soziales-und-gesundheit\/#breadcrumb"},"inLanguage":"de","potentialAction":[{"@type":"ReadAction","target":["https:\/\/www.gruene-hessen.de\/partei\/2016\/01\/22\/lag-soziales-und-gesundheit\/"]}]},{"@type":"BreadcrumbList","@id":"https:\/\/www.gruene-hessen.de\/partei\/2016\/01\/22\/lag-soziales-und-gesundheit\/#breadcrumb","itemListElement":[{"@type":"ListItem","position":1,"name":"Startseite","item":"https:\/\/www.gruene-hessen.de\/partei\/"},{"@type":"ListItem","position":2,"name":"LAG Soziales und Gesundheit"}]},{"@type":"WebSite","@id":"https:\/\/www.gruene-hessen.de\/partei\/#website","url":"https:\/\/www.gruene-hessen.de\/partei\/","name":"Landesverband B\u00dcNDNIS 90\/DIE GR\u00dcNEN Hessen","description":"","potentialAction":[{"@type":"SearchAction","target":{"@type":"EntryPoint","urlTemplate":"https:\/\/www.gruene-hessen.de\/partei\/?s={search_term_string}"},"query-input":{"@type":"PropertyValueSpecification","valueRequired":true,"valueName":"search_term_string"}}],"inLanguage":"de"},{"@type":"Person","@id":"https:\/\/www.gruene-hessen.de\/partei\/#\/schema\/person\/6bdf8354621420fe861c1762612513de","name":"Till Haupt","image":{"@type":"ImageObject","inLanguage":"de","@id":"https:\/\/secure.gravatar.com\/avatar\/56e4c8bd2555cec1b23877dadbd0bab2837f2d1313fdeb580acb55170f6714e0?s=96&d=mm&r=g","url":"https:\/\/secure.gravatar.com\/avatar\/56e4c8bd2555cec1b23877dadbd0bab2837f2d1313fdeb580acb55170f6714e0?s=96&d=mm&r=g","contentUrl":"https:\/\/secure.gravatar.com\/avatar\/56e4c8bd2555cec1b23877dadbd0bab2837f2d1313fdeb580acb55170f6714e0?s=96&d=mm&r=g","caption":"Till Haupt"},"description":"Referent f\u00fcr \u00d6ffentlichkeitsarbeit und Online-Redaktion bei der Landtagsfraktion","url":"https:\/\/www.gruene-hessen.de\/partei\/author\/t-haupt\/"}]}},"_links":{"self":[{"href":"https:\/\/www.gruene-hessen.de\/partei\/wp-json\/wp\/v2\/posts\/6978","targetHints":{"allow":["GET"]}}],"collection":[{"href":"https:\/\/www.gruene-hessen.de\/partei\/wp-json\/wp\/v2\/posts"}],"about":[{"href":"https:\/\/www.gruene-hessen.de\/partei\/wp-json\/wp\/v2\/types\/post"}],"author":[{"embeddable":true,"href":"https:\/\/www.gruene-hessen.de\/partei\/wp-json\/wp\/v2\/users\/3"}],"replies":[{"embeddable":true,"href":"https:\/\/www.gruene-hessen.de\/partei\/wp-json\/wp\/v2\/comments?post=6978"}],"version-history":[{"count":0,"href":"https:\/\/www.gruene-hessen.de\/partei\/wp-json\/wp\/v2\/posts\/6978\/revisions"}],"wp:attachment":[{"href":"https:\/\/www.gruene-hessen.de\/partei\/wp-json\/wp\/v2\/media?parent=6978"}],"wp:term":[{"taxonomy":"category","embeddable":true,"href":"https:\/\/www.gruene-hessen.de\/partei\/wp-json\/wp\/v2\/categories?post=6978"},{"taxonomy":"post_tag","embeddable":true,"href":"https:\/\/www.gruene-hessen.de\/partei\/wp-json\/wp\/v2\/tags?post=6978"}],"curies":[{"name":"wp","href":"https:\/\/api.w.org\/{rel}","templated":true}]}}